{"id":432,"date":"2021-02-23T17:11:20","date_gmt":"2021-02-23T16:11:20","guid":{"rendered":"http:\/\/saintjosephedern.fr\/?p=432"},"modified":"2021-03-12T14:57:59","modified_gmt":"2021-03-12T13:57:59","slug":"ici-commence-la-mer","status":"publish","type":"post","link":"http:\/\/saintjosephedern.fr\/?p=432","title":{"rendered":"\u00ab\u00a0Ici commence la mer\u00a0\u00bb"},"content":{"rendered":"\n<p>Le 12 novembre 2020, nous avons particip\u00e9 \u00e0 l&rsquo;op\u00e9ration \u00ab\u00a0ici commence la mer\u00a0\u00bb propos\u00e9e par la commune d&rsquo;Edern.<\/p>\n\n\n\n<p>Il s&rsquo;agit de sensibiliser les \u00e9l\u00e8ves et les citoyens d&rsquo;Edern en posant un clou \u00ab\u00a0ici commence la mer\u00a0\u00bb de fa\u00e7on \u00e0 r\u00e9fl\u00e9chir au fait que tous les d\u00e9chets d\u00e9pos\u00e9s sur les trottoirs d&rsquo;Edern vont dans les \u00e9gouts qui eux m\u00eame arrivent jusqu&rsquo;\u00e0 la mer!<\/p>\n\n\n\n<p>Une grande maquette repr\u00e9sentant le bassin de l&rsquo;Odet a \u00e9t\u00e9 expliqu\u00e9e aux \u00e9l\u00e8ves.<\/p>\n\n\n\n<p> <\/p>\n\n\n\n<div class=\"wp-block-image\"><figure class=\"alignleft size-large is-resized\"><img loading=\"lazy\" decoding=\"async\" src=\"http:\/\/saintjosephedern.fr\/wp-content\/uploads\/2021\/02\/IMG_20201112_153913-1024x768.jpg\" alt=\"\" class=\"wp-image-401\" width=\"308\" height=\"230\"\/><\/figure><\/div>\n\n\n\n<div class=\"wp-block-image\"><figure class=\"alignleft size-large is-resized\"><img loading=\"lazy\" decoding=\"async\" src=\"http:\/\/saintjosephedern.fr\/wp-content\/uploads\/2021\/02\/IMG_20201112_153902-1024x768.jpg\" alt=\"\" class=\"wp-image-400\" width=\"266\" height=\"199\"\/><\/figure><\/div>\n\n\n\n<figure class=\"wp-block-image size-large is-resized\"><img loading=\"lazy\" decoding=\"async\" src=\"http:\/\/saintjosephedern.fr\/wp-content\/uploads\/2021\/02\/IMG_20201112_153437-1024x768.jpg\" alt=\"\" class=\"wp-image-399\" width=\"349\" height=\"261\"\/><\/figure>\n\n\n\n<div class=\"wp-block-image\"><figure class=\"alignleft size-large is-resized\"><img loading=\"lazy\" decoding=\"async\" src=\"http:\/\/saintjosephedern.fr\/wp-content\/uploads\/2021\/02\/IMG_20201112_153414-1024x768.jpg\" alt=\"\" class=\"wp-image-398\" width=\"308\" height=\"231\"\/><\/figure><\/div>\n\n\n\n<div class=\"wp-block-image\"><figure class=\"alignleft size-large is-resized\"><img loading=\"lazy\" decoding=\"async\" src=\"http:\/\/saintjosephedern.fr\/wp-content\/uploads\/2021\/02\/IMG_20201112_154548-1024x768.jpg\" alt=\"\" class=\"wp-image-402\" width=\"271\" height=\"202\"\/><figcaption>rbt<\/figcaption><\/figure><\/div>\n\n\n\n<figure class=\"wp-block-image size-large is-resized\"><img loading=\"lazy\" decoding=\"async\" src=\"http:\/\/saintjosephedern.fr\/wp-content\/uploads\/2021\/02\/IMG_20201112_155002-1024x768.jpg\" alt=\"\" class=\"wp-image-403\" width=\"379\" height=\"284\"\/><\/figure>\n\n\n\n<p><\/p>\n","protected":false},"excerpt":{"rendered":"<p>Le 12 novembre 2020, nous avons particip\u00e9 \u00e0 l&rsquo;op\u00e9ration \u00ab\u00a0ici commence la mer\u00a0\u00bb propos\u00e9e par la commune d&rsquo;Edern. Il s&rsquo;agit de sensibiliser les \u00e9l\u00e8ves et les citoyens d&rsquo;Edern en posant un clou \u00ab\u00a0ici commence la mer\u00a0\u00bb de fa\u00e7on \u00e0 r\u00e9fl\u00e9chir au fait que tous les d\u00e9chets d\u00e9pos\u00e9s sur les trottoirs d&rsquo;Edern vont dans les \u00e9gouts [&hellip;]<\/p>\n","protected":false},"author":1,"featured_media":402,"comment_status":"closed","ping_status":"closed","sticky":false,"template":"","format":"standard","meta":{"_et_pb_use_builder":"off","_et_pb_old_content":"","_et_gb_content_width":"","footnotes":""},"categories":[8],"tags":[],"class_list":["post-432","post","type-post","status-publish","format-standard","has-post-thumbnail","hentry","category-la-vie-des-classes"],"_links":{"self":[{"href":"http:\/\/saintjosephedern.fr\/index.php?rest_route=\/wp\/v2\/posts\/432","targetHints":{"allow":["GET"]}}],"collection":[{"href":"http:\/\/saintjosephedern.fr\/index.php?rest_route=\/wp\/v2\/posts"}],"about":[{"href":"http:\/\/saintjosephedern.fr\/index.php?rest_route=\/wp\/v2\/types\/post"}],"author":[{"embeddable":true,"href":"http:\/\/saintjosephedern.fr\/index.php?rest_route=\/wp\/v2\/users\/1"}],"replies":[{"embeddable":true,"href":"http:\/\/saintjosephedern.fr\/index.php?rest_route=%2Fwp%2Fv2%2Fcomments&post=432"}],"version-history":[{"count":1,"href":"http:\/\/saintjosephedern.fr\/index.php?rest_route=\/wp\/v2\/posts\/432\/revisions"}],"predecessor-version":[{"id":433,"href":"http:\/\/saintjosephedern.fr\/index.php?rest_route=\/wp\/v2\/posts\/432\/revisions\/433"}],"wp:featuredmedia":[{"embeddable":true,"href":"http:\/\/saintjosephedern.fr\/index.php?rest_route=\/wp\/v2\/media\/402"}],"wp:attachment":[{"href":"http:\/\/saintjosephedern.fr\/index.php?rest_route=%2Fwp%2Fv2%2Fmedia&parent=432"}],"wp:term":[{"taxonomy":"category","embeddable":true,"href":"http:\/\/saintjosephedern.fr\/index.php?rest_route=%2Fwp%2Fv2%2Fcategories&post=432"},{"taxonomy":"post_tag","embeddable":true,"href":"http:\/\/saintjosephedern.fr\/index.php?rest_route=%2Fwp%2Fv2%2Ftags&post=432"}],"curies":[{"name":"wp","href":"https:\/\/api.w.org\/{rel}","templated":true}]}}