{"id":437,"date":"2021-02-24T14:34:31","date_gmt":"2021-02-24T13:34:31","guid":{"rendered":"http:\/\/saintjosephedern.fr\/?p=437"},"modified":"2021-03-12T14:56:18","modified_gmt":"2021-03-12T13:56:18","slug":"celebration-de-noel","status":"publish","type":"post","link":"http:\/\/saintjosephedern.fr\/?p=437","title":{"rendered":"C\u00e9l\u00e9bration de No\u00ebl"},"content":{"rendered":"\n<p>Le 18 d\u00e9cembre2020, nous sommes all\u00e9s \u00e0 l&rsquo;\u00e9glise d&rsquo;Edern pour c\u00e9l\u00e9brer No\u00ebl avec les cat\u00e9chistes.<\/p>\n\n\n\n<p>Les plus grands ont lu l&rsquo;histoire de la naissance de J\u00e9sus et ont chant\u00e9 les chants appris pour l&rsquo;occasion.<\/p>\n\n\n\n<p>Les plus petits ont apport\u00e9 une lumi\u00e8re sur l&rsquo;Autel.<\/p>\n\n\n\n<p>A la fin de la c\u00e9l\u00e9bration, chacun a pu d\u00e9poser sa bougie (dessin) pr\u00e8s de la cr\u00e8che.<\/p>\n\n\n\n<div class=\"wp-block-image\"><figure class=\"alignleft size-large is-resized\"><img loading=\"lazy\" decoding=\"async\" src=\"http:\/\/saintjosephedern.fr\/wp-content\/uploads\/2021\/02\/IMG_20201218_111848-1024x768.jpg\" alt=\"\" class=\"wp-image-389\" width=\"350\" height=\"262\"\/><figcaption>rbt<\/figcaption><\/figure><\/div>\n\n\n\n<figure class=\"wp-block-image size-large is-resized\"><img loading=\"lazy\" decoding=\"async\" src=\"http:\/\/saintjosephedern.fr\/wp-content\/uploads\/2021\/02\/IMG_20201218_112134-1024x768.jpg\" alt=\"\" class=\"wp-image-390\" width=\"343\" height=\"257\"\/><\/figure>\n\n\n\n<div class=\"wp-block-image\"><figure class=\"alignleft size-large is-resized\"><img loading=\"lazy\" decoding=\"async\" src=\"http:\/\/saintjosephedern.fr\/wp-content\/uploads\/2021\/02\/IMG_20201218_114259-1024x768.jpg\" alt=\"\" class=\"wp-image-391\" width=\"350\" height=\"262\"\/><\/figure><\/div>\n\n\n\n<div class=\"wp-block-image\"><figure class=\"alignleft size-large is-resized\"><img loading=\"lazy\" decoding=\"async\" src=\"http:\/\/saintjosephedern.fr\/wp-content\/uploads\/2021\/02\/IMG_20201218_114304-1024x768.jpg\" alt=\"\" class=\"wp-image-392\" width=\"314\" height=\"235\"\/><\/figure><\/div>\n\n\n\n<figure class=\"wp-block-image size-large is-resized\"><img loading=\"lazy\" decoding=\"async\" src=\"http:\/\/saintjosephedern.fr\/wp-content\/uploads\/2021\/02\/IMG_20201218_114842-1024x768.jpg\" alt=\"\" class=\"wp-image-393\" width=\"388\" height=\"290\"\/><\/figure>\n","protected":false},"excerpt":{"rendered":"<p>Le 18 d\u00e9cembre2020, nous sommes all\u00e9s \u00e0 l&rsquo;\u00e9glise d&rsquo;Edern pour c\u00e9l\u00e9brer No\u00ebl avec les cat\u00e9chistes. Les plus grands ont lu l&rsquo;histoire de la naissance de J\u00e9sus et ont chant\u00e9 les chants appris pour l&rsquo;occasion. Les plus petits ont apport\u00e9 une lumi\u00e8re sur l&rsquo;Autel. A la fin de la c\u00e9l\u00e9bration, chacun a pu d\u00e9poser sa bougie [&hellip;]<\/p>\n","protected":false},"author":1,"featured_media":393,"comment_status":"closed","ping_status":"closed","sticky":false,"template":"","format":"standard","meta":{"_et_pb_use_builder":"off","_et_pb_old_content":"","_et_gb_content_width":"","footnotes":""},"categories":[8],"tags":[],"class_list":["post-437","post","type-post","status-publish","format-standard","has-post-thumbnail","hentry","category-la-vie-des-classes"],"_links":{"self":[{"href":"http:\/\/saintjosephedern.fr\/index.php?rest_route=\/wp\/v2\/posts\/437","targetHints":{"allow":["GET"]}}],"collection":[{"href":"http:\/\/saintjosephedern.fr\/index.php?rest_route=\/wp\/v2\/posts"}],"about":[{"href":"http:\/\/saintjosephedern.fr\/index.php?rest_route=\/wp\/v2\/types\/post"}],"author":[{"embeddable":true,"href":"http:\/\/saintjosephedern.fr\/index.php?rest_route=\/wp\/v2\/users\/1"}],"replies":[{"embeddable":true,"href":"http:\/\/saintjosephedern.fr\/index.php?rest_route=%2Fwp%2Fv2%2Fcomments&post=437"}],"version-history":[{"count":2,"href":"http:\/\/saintjosephedern.fr\/index.php?rest_route=\/wp\/v2\/posts\/437\/revisions"}],"predecessor-version":[{"id":462,"href":"http:\/\/saintjosephedern.fr\/index.php?rest_route=\/wp\/v2\/posts\/437\/revisions\/462"}],"wp:featuredmedia":[{"embeddable":true,"href":"http:\/\/saintjosephedern.fr\/index.php?rest_route=\/wp\/v2\/media\/393"}],"wp:attachment":[{"href":"http:\/\/saintjosephedern.fr\/index.php?rest_route=%2Fwp%2Fv2%2Fmedia&parent=437"}],"wp:term":[{"taxonomy":"category","embeddable":true,"href":"http:\/\/saintjosephedern.fr\/index.php?rest_route=%2Fwp%2Fv2%2Fcategories&post=437"},{"taxonomy":"post_tag","embeddable":true,"href":"http:\/\/saintjosephedern.fr\/index.php?rest_route=%2Fwp%2Fv2%2Ftags&post=437"}],"curies":[{"name":"wp","href":"https:\/\/api.w.org\/{rel}","templated":true}]}}