{"id":441,"date":"2021-02-24T14:52:25","date_gmt":"2021-02-24T13:52:25","guid":{"rendered":"http:\/\/saintjosephedern.fr\/?p=441"},"modified":"2021-03-12T14:55:49","modified_gmt":"2021-03-12T13:55:49","slug":"la-chandeleur","status":"publish","type":"post","link":"http:\/\/saintjosephedern.fr\/?p=441","title":{"rendered":"La chandeleur"},"content":{"rendered":"\n<p>Le 2 f\u00e9vrier, c&rsquo;\u00e9tait la chandeleur.<\/p>\n\n\n\n<p>Pour marquer cet \u00e9v\u00e8nement, nous avons r\u00e9alis\u00e9 des cr\u00eapes le jeudi 4 f\u00e9vrier.<\/p>\n\n\n\n<p>Nous avons r\u00e9alis\u00e9 la p\u00e2te par petits groupes, puis Sophie nous a aid\u00e9s \u00e0 confectionner les cr\u00eapes (difficile de retourner la cr\u00eape!)<\/p>\n\n\n\n<p>Puis est venu le temps tr\u00e8s appr\u00e9ci\u00e9 de la d\u00e9gustation.<\/p>\n\n\n\n<div class=\"wp-block-image\"><figure class=\"alignleft size-large is-resized\"><img loading=\"lazy\" decoding=\"async\" src=\"http:\/\/saintjosephedern.fr\/wp-content\/uploads\/2021\/02\/IMG_20210204_092928-768x1024.jpg\" alt=\"\" class=\"wp-image-379\" width=\"290\" height=\"387\"\/><\/figure><\/div>\n\n\n\n<figure class=\"wp-block-image size-large is-resized\"><img loading=\"lazy\" decoding=\"async\" src=\"http:\/\/saintjosephedern.fr\/wp-content\/uploads\/2021\/02\/IMG_20210204_095605-768x1024.jpg\" alt=\"\" class=\"wp-image-380\" width=\"308\" height=\"411\"\/><\/figure>\n\n\n\n<p>Bon app\u00e9tit !<\/p>\n\n\n\n<div class=\"wp-block-image\"><figure class=\"alignleft size-large is-resized\"><img loading=\"lazy\" decoding=\"async\" src=\"http:\/\/saintjosephedern.fr\/wp-content\/uploads\/2021\/02\/IMG_20210204_100634-1024x768.jpg\" alt=\"\" class=\"wp-image-381\" width=\"291\" height=\"218\"\/><\/figure><\/div>\n\n\n\n<figure class=\"wp-block-image size-large is-resized\"><img loading=\"lazy\" decoding=\"async\" src=\"http:\/\/saintjosephedern.fr\/wp-content\/uploads\/2021\/02\/IMG_20210204_101152-768x1024.jpg\" alt=\"\" class=\"wp-image-382\" width=\"273\" height=\"364\"\/><\/figure>\n\n\n\n<p> <\/p>\n","protected":false},"excerpt":{"rendered":"<p>Le 2 f\u00e9vrier, c&rsquo;\u00e9tait la chandeleur. Pour marquer cet \u00e9v\u00e8nement, nous avons r\u00e9alis\u00e9 des cr\u00eapes le jeudi 4 f\u00e9vrier. Nous avons r\u00e9alis\u00e9 la p\u00e2te par petits groupes, puis Sophie nous a aid\u00e9s \u00e0 confectionner les cr\u00eapes (difficile de retourner la cr\u00eape!) Puis est venu le temps tr\u00e8s appr\u00e9ci\u00e9 de la d\u00e9gustation. Bon app\u00e9tit !<\/p>\n","protected":false},"author":1,"featured_media":381,"comment_status":"closed","ping_status":"closed","sticky":false,"template":"","format":"standard","meta":{"_et_pb_use_builder":"off","_et_pb_old_content":"","_et_gb_content_width":"","footnotes":""},"categories":[8],"tags":[],"class_list":["post-441","post","type-post","status-publish","format-standard","has-post-thumbnail","hentry","category-la-vie-des-classes"],"_links":{"self":[{"href":"http:\/\/saintjosephedern.fr\/index.php?rest_route=\/wp\/v2\/posts\/441","targetHints":{"allow":["GET"]}}],"collection":[{"href":"http:\/\/saintjosephedern.fr\/index.php?rest_route=\/wp\/v2\/posts"}],"about":[{"href":"http:\/\/saintjosephedern.fr\/index.php?rest_route=\/wp\/v2\/types\/post"}],"author":[{"embeddable":true,"href":"http:\/\/saintjosephedern.fr\/index.php?rest_route=\/wp\/v2\/users\/1"}],"replies":[{"embeddable":true,"href":"http:\/\/saintjosephedern.fr\/index.php?rest_route=%2Fwp%2Fv2%2Fcomments&post=441"}],"version-history":[{"count":1,"href":"http:\/\/saintjosephedern.fr\/index.php?rest_route=\/wp\/v2\/posts\/441\/revisions"}],"predecessor-version":[{"id":442,"href":"http:\/\/saintjosephedern.fr\/index.php?rest_route=\/wp\/v2\/posts\/441\/revisions\/442"}],"wp:featuredmedia":[{"embeddable":true,"href":"http:\/\/saintjosephedern.fr\/index.php?rest_route=\/wp\/v2\/media\/381"}],"wp:attachment":[{"href":"http:\/\/saintjosephedern.fr\/index.php?rest_route=%2Fwp%2Fv2%2Fmedia&parent=441"}],"wp:term":[{"taxonomy":"category","embeddable":true,"href":"http:\/\/saintjosephedern.fr\/index.php?rest_route=%2Fwp%2Fv2%2Fcategories&post=441"},{"taxonomy":"post_tag","embeddable":true,"href":"http:\/\/saintjosephedern.fr\/index.php?rest_route=%2Fwp%2Fv2%2Ftags&post=441"}],"curies":[{"name":"wp","href":"https:\/\/api.w.org\/{rel}","templated":true}]}}