{"id":443,"date":"2021-02-24T15:08:27","date_gmt":"2021-02-24T14:08:27","guid":{"rendered":"http:\/\/saintjosephedern.fr\/?p=443"},"modified":"2021-03-12T14:55:26","modified_gmt":"2021-03-12T13:55:26","slug":"lhiver-a-saint-joseph","status":"publish","type":"post","link":"http:\/\/saintjosephedern.fr\/?p=443","title":{"rendered":"L&rsquo;hiver \u00e0 Saint-Joseph"},"content":{"rendered":"\n<p>Semaine \u00ab\u00a0glac\u00e9e\u00a0\u00bb \u00e0 Saint-Joseph !<\/p>\n\n\n\n<p>Mardi 9 f\u00e9vrier : 1er \u00e9pisode : peu de neige (moins qu&rsquo;annonc\u00e9 par m\u00e9t\u00e9o France!) mais tr\u00e8s froid et risque de verglas pour l&rsquo;apr\u00e8s-midi <\/p>\n\n\n\n<p>Sophie a contact\u00e9 nos familles pour rentrer plus t\u00f4t chez nous !  <\/p>\n\n\n\n<div class=\"wp-block-image\"><figure class=\"alignleft size-large is-resized\"><img loading=\"lazy\" decoding=\"async\" src=\"http:\/\/saintjosephedern.fr\/wp-content\/uploads\/2021\/02\/20210213_142520-COLLAGE-1-1024x1024.jpg\" alt=\"\" class=\"wp-image-406\" width=\"349\" height=\"349\"\/><\/figure><\/div>\n\n\n\n<figure class=\"wp-block-image size-large is-resized\"><img loading=\"lazy\" decoding=\"async\" src=\"http:\/\/saintjosephedern.fr\/wp-content\/uploads\/2021\/02\/20210213_142439-COLLAGE-1024x1024.jpg\" alt=\"\" class=\"wp-image-405\" width=\"339\" height=\"339\"\/><\/figure>\n\n\n\n<div class=\"wp-block-image\"><figure class=\"aligncenter size-large is-resized\"><img loading=\"lazy\" decoding=\"async\" src=\"http:\/\/saintjosephedern.fr\/wp-content\/uploads\/2021\/02\/20210213_142233-COLLAGE-1-1024x1024.jpg\" alt=\"\" class=\"wp-image-404\" width=\"362\" height=\"362\"\/><\/figure><\/div>\n\n\n\n<p>Jeudi 11 f\u00e9vrier : \u00e9pisode 2 : la neige (pas pr\u00e9vue cette fois!) est bien tomb\u00e9e  dans la matin\u00e9e !<\/p>\n\n\n\n<p>Retour \u00e0 la maison \u00e9chelonn\u00e9 de 11h00 \u00e0 16h30 ! <\/p>\n\n\n\n<p>Et le vendredi 12 f\u00e9vrier : \u00e9cole \u00e0 la maison . Toute la Bretagne est en alerte orange pour neige\/verglas !<\/p>\n\n\n\n<p>Quelle semaine !<\/p>\n\n\n\n<div class=\"wp-block-image\"><figure class=\"alignleft size-large is-resized\"><img loading=\"lazy\" decoding=\"async\" src=\"http:\/\/saintjosephedern.fr\/wp-content\/uploads\/2021\/02\/IMG_20210211_131905-1-1024x768.jpg\" alt=\"\" class=\"wp-image-378\" width=\"352\" height=\"263\"\/><\/figure><\/div>\n\n\n\n<figure class=\"wp-block-image size-large is-resized\"><img loading=\"lazy\" decoding=\"async\" src=\"http:\/\/saintjosephedern.fr\/wp-content\/uploads\/2021\/02\/IMG_20210211_131845-1024x768.jpg\" alt=\"\" class=\"wp-image-377\" width=\"325\" height=\"243\"\/><\/figure>\n\n\n\n<div class=\"wp-block-image\"><figure class=\"aligncenter size-large is-resized\"><img loading=\"lazy\" decoding=\"async\" src=\"http:\/\/saintjosephedern.fr\/wp-content\/uploads\/2021\/02\/IMG_20210211_114336-1-1024x768.jpg\" alt=\"\" class=\"wp-image-376\" width=\"370\" height=\"277\"\/><\/figure><\/div>\n\n\n\n<div class=\"wp-block-image\"><figure class=\"alignleft size-large is-resized\"><img loading=\"lazy\" decoding=\"async\" src=\"http:\/\/saintjosephedern.fr\/wp-content\/uploads\/2021\/02\/IMG_20210211_114031-1024x768.jpg\" alt=\"\" class=\"wp-image-375\" width=\"411\" height=\"308\"\/><\/figure><\/div>\n","protected":false},"excerpt":{"rendered":"<p>Semaine \u00ab\u00a0glac\u00e9e\u00a0\u00bb \u00e0 Saint-Joseph ! Mardi 9 f\u00e9vrier : 1er \u00e9pisode : peu de neige (moins qu&rsquo;annonc\u00e9 par m\u00e9t\u00e9o France!) mais tr\u00e8s froid et risque de verglas pour l&rsquo;apr\u00e8s-midi Sophie a contact\u00e9 nos familles pour rentrer plus t\u00f4t chez nous ! Jeudi 11 f\u00e9vrier : \u00e9pisode 2 : la neige (pas pr\u00e9vue cette fois!) est [&hellip;]<\/p>\n","protected":false},"author":1,"featured_media":375,"comment_status":"closed","ping_status":"closed","sticky":false,"template":"","format":"standard","meta":{"_et_pb_use_builder":"off","_et_pb_old_content":"","_et_gb_content_width":"","footnotes":""},"categories":[8],"tags":[],"class_list":["post-443","post","type-post","status-publish","format-standard","has-post-thumbnail","hentry","category-la-vie-des-classes"],"_links":{"self":[{"href":"http:\/\/saintjosephedern.fr\/index.php?rest_route=\/wp\/v2\/posts\/443","targetHints":{"allow":["GET"]}}],"collection":[{"href":"http:\/\/saintjosephedern.fr\/index.php?rest_route=\/wp\/v2\/posts"}],"about":[{"href":"http:\/\/saintjosephedern.fr\/index.php?rest_route=\/wp\/v2\/types\/post"}],"author":[{"embeddable":true,"href":"http:\/\/saintjosephedern.fr\/index.php?rest_route=\/wp\/v2\/users\/1"}],"replies":[{"embeddable":true,"href":"http:\/\/saintjosephedern.fr\/index.php?rest_route=%2Fwp%2Fv2%2Fcomments&post=443"}],"version-history":[{"count":1,"href":"http:\/\/saintjosephedern.fr\/index.php?rest_route=\/wp\/v2\/posts\/443\/revisions"}],"predecessor-version":[{"id":444,"href":"http:\/\/saintjosephedern.fr\/index.php?rest_route=\/wp\/v2\/posts\/443\/revisions\/444"}],"wp:featuredmedia":[{"embeddable":true,"href":"http:\/\/saintjosephedern.fr\/index.php?rest_route=\/wp\/v2\/media\/375"}],"wp:attachment":[{"href":"http:\/\/saintjosephedern.fr\/index.php?rest_route=%2Fwp%2Fv2%2Fmedia&parent=443"}],"wp:term":[{"taxonomy":"category","embeddable":true,"href":"http:\/\/saintjosephedern.fr\/index.php?rest_route=%2Fwp%2Fv2%2Fcategories&post=443"},{"taxonomy":"post_tag","embeddable":true,"href":"http:\/\/saintjosephedern.fr\/index.php?rest_route=%2Fwp%2Fv2%2Ftags&post=443"}],"curies":[{"name":"wp","href":"https:\/\/api.w.org\/{rel}","templated":true}]}}