{"id":560,"date":"2021-03-29T17:18:00","date_gmt":"2021-03-29T15:18:00","guid":{"rendered":"http:\/\/saintjosephedern.fr\/?p=560"},"modified":"2021-03-29T17:18:01","modified_gmt":"2021-03-29T15:18:01","slug":"journee-travaux-a-lecole-saint-joseph","status":"publish","type":"post","link":"http:\/\/saintjosephedern.fr\/?p=560","title":{"rendered":"Journ\u00e9e travaux \u00e0 l&rsquo;\u00e9cole Saint-Joseph"},"content":{"rendered":"\n<p>Samedi 13 mars, les parents qui le souhaitaient sont venus donner un peu de leur temps pour r\u00e9aliser quelques travaux \u00e0 l&rsquo;\u00e9cole : lavage des vitres, nettoyage des murs des divers b\u00e2timents, rangement des jeux de la garderie, peinture sur un mur ext\u00e9rieur&#8230;<\/p>\n\n\n\n<p>Quelques images pour illustrer cette journ\u00e9e&#8230;<\/p>\n\n\n\n<p>  <\/p>\n\n\n\n<div class=\"wp-block-image\"><figure class=\"alignleft size-large is-resized\"><img loading=\"lazy\" decoding=\"async\" src=\"http:\/\/saintjosephedern.fr\/wp-content\/uploads\/2021\/03\/IMG_20210313_110419-1-768x1024.jpg\" alt=\"\" class=\"wp-image-537\" width=\"262\" height=\"349\"\/><\/figure><\/div>\n\n\n\n<figure class=\"wp-block-image size-large is-resized\"><img loading=\"lazy\" decoding=\"async\" src=\"http:\/\/saintjosephedern.fr\/wp-content\/uploads\/2021\/03\/IMG_20210313_110429-1-768x1024.jpg\" alt=\"\" class=\"wp-image-538\" width=\"285\" height=\"380\"\/><\/figure>\n\n\n\n<div class=\"wp-block-image\"><figure class=\"alignleft size-large is-resized\"><img loading=\"lazy\" decoding=\"async\" src=\"http:\/\/saintjosephedern.fr\/wp-content\/uploads\/2021\/03\/IMG_20210313_110502-1-1024x768.jpg\" alt=\"\" class=\"wp-image-539\" width=\"316\" height=\"236\"\/><\/figure><\/div>\n\n\n\n<figure class=\"wp-block-image size-large is-resized\"><img loading=\"lazy\" decoding=\"async\" src=\"http:\/\/saintjosephedern.fr\/wp-content\/uploads\/2021\/03\/IMG_20210313_110512-1-1024x768.jpg\" alt=\"\" class=\"wp-image-541\" width=\"337\" height=\"253\"\/><\/figure>\n\n\n\n<div class=\"wp-block-image\"><figure class=\"alignleft size-large is-resized\"><img loading=\"lazy\" decoding=\"async\" src=\"http:\/\/saintjosephedern.fr\/wp-content\/uploads\/2021\/03\/IMG_20210313_110652-1-1024x768.jpg\" alt=\"\" class=\"wp-image-542\" width=\"360\" height=\"269\"\/><\/figure><\/div>\n\n\n\n<figure class=\"wp-block-image size-large is-resized\"><img loading=\"lazy\" decoding=\"async\" src=\"http:\/\/saintjosephedern.fr\/wp-content\/uploads\/2021\/03\/IMG_20210313_110752-1-768x1024.jpg\" alt=\"\" class=\"wp-image-543\" width=\"270\" height=\"360\"\/><\/figure>\n\n\n\n<div class=\"wp-block-image\"><figure class=\"alignleft size-large is-resized\"><img loading=\"lazy\" decoding=\"async\" src=\"http:\/\/saintjosephedern.fr\/wp-content\/uploads\/2021\/03\/IMG_20210313_122828-1-1024x768.jpg\" alt=\"\" class=\"wp-image-546\" width=\"379\" height=\"284\"\/><\/figure><\/div>\n","protected":false},"excerpt":{"rendered":"<p>Samedi 13 mars, les parents qui le souhaitaient sont venus donner un peu de leur temps pour r\u00e9aliser quelques travaux \u00e0 l&rsquo;\u00e9cole : lavage des vitres, nettoyage des murs des divers b\u00e2timents, rangement des jeux de la garderie, peinture sur un mur ext\u00e9rieur&#8230; Quelques images pour illustrer cette journ\u00e9e&#8230;<\/p>\n","protected":false},"author":1,"featured_media":543,"comment_status":"closed","ping_status":"closed","sticky":false,"template":"","format":"standard","meta":{"_et_pb_use_builder":"off","_et_pb_old_content":"","_et_gb_content_width":"","footnotes":""},"categories":[8],"tags":[],"class_list":["post-560","post","type-post","status-publish","format-standard","has-post-thumbnail","hentry","category-la-vie-des-classes"],"_links":{"self":[{"href":"http:\/\/saintjosephedern.fr\/index.php?rest_route=\/wp\/v2\/posts\/560","targetHints":{"allow":["GET"]}}],"collection":[{"href":"http:\/\/saintjosephedern.fr\/index.php?rest_route=\/wp\/v2\/posts"}],"about":[{"href":"http:\/\/saintjosephedern.fr\/index.php?rest_route=\/wp\/v2\/types\/post"}],"author":[{"embeddable":true,"href":"http:\/\/saintjosephedern.fr\/index.php?rest_route=\/wp\/v2\/users\/1"}],"replies":[{"embeddable":true,"href":"http:\/\/saintjosephedern.fr\/index.php?rest_route=%2Fwp%2Fv2%2Fcomments&post=560"}],"version-history":[{"count":2,"href":"http:\/\/saintjosephedern.fr\/index.php?rest_route=\/wp\/v2\/posts\/560\/revisions"}],"predecessor-version":[{"id":562,"href":"http:\/\/saintjosephedern.fr\/index.php?rest_route=\/wp\/v2\/posts\/560\/revisions\/562"}],"wp:featuredmedia":[{"embeddable":true,"href":"http:\/\/saintjosephedern.fr\/index.php?rest_route=\/wp\/v2\/media\/543"}],"wp:attachment":[{"href":"http:\/\/saintjosephedern.fr\/index.php?rest_route=%2Fwp%2Fv2%2Fmedia&parent=560"}],"wp:term":[{"taxonomy":"category","embeddable":true,"href":"http:\/\/saintjosephedern.fr\/index.php?rest_route=%2Fwp%2Fv2%2Fcategories&post=560"},{"taxonomy":"post_tag","embeddable":true,"href":"http:\/\/saintjosephedern.fr\/index.php?rest_route=%2Fwp%2Fv2%2Ftags&post=560"}],"curies":[{"name":"wp","href":"https:\/\/api.w.org\/{rel}","templated":true}]}}