{"id":581,"date":"2021-06-30T11:27:04","date_gmt":"2021-06-30T09:27:04","guid":{"rendered":"http:\/\/saintjosephedern.fr\/?p=581"},"modified":"2021-09-08T12:11:02","modified_gmt":"2021-09-08T10:11:02","slug":"sortie-cinema","status":"publish","type":"post","link":"http:\/\/saintjosephedern.fr\/?p=581","title":{"rendered":"Sortie cin\u00e9ma"},"content":{"rendered":"\n<p>Ouf! Premi\u00e8re sortie apr\u00e8s une ann\u00e9e encore difficile pour sortir de l&rsquo;\u00e9cole!<\/p>\n\n\n\n<p>Jeudi 17 juin, nous sommes all\u00e9s au cin\u00e9ville de Quimper, pour voir un dessin anim\u00e9 dont le titre \u00e9tait \u00ab\u00a0100% loup\u00a0\u00bb.<\/p>\n\n\n\n<p>Petits et grands ont appr\u00e9ci\u00e9. Cette s\u00e9ance, cadeau de l&rsquo;APEL pour No\u00ebl, avait d\u00fb \u00eatre annul\u00e9e fin d\u00e9cembre, pour reconfinement et fermeture des salles de spectacle!<\/p>\n\n\n\n<figure class=\"wp-block-image size-large is-resized\"><img loading=\"lazy\" decoding=\"async\" src=\"http:\/\/saintjosephedern.fr\/wp-content\/uploads\/2021\/06\/IMG_20210617_113318-1024x768.jpg\" alt=\"\" class=\"wp-image-570\" width=\"349\" height=\"261\"\/><\/figure>\n\n\n\n<figure class=\"wp-block-image size-large is-resized\"><img loading=\"lazy\" decoding=\"async\" src=\"http:\/\/saintjosephedern.fr\/wp-content\/uploads\/2021\/06\/IMG_20210617_113347-1024x768.jpg\" alt=\"\" class=\"wp-image-571\" width=\"406\" height=\"304\"\/><\/figure>\n\n\n\n<figure class=\"wp-block-image size-large is-resized\"><img loading=\"lazy\" decoding=\"async\" src=\"http:\/\/saintjosephedern.fr\/wp-content\/uploads\/2021\/06\/IMG_20210617_145313-1024x768.jpg\" alt=\"\" class=\"wp-image-574\" width=\"345\" height=\"259\"\/><figcaption>dav<\/figcaption><\/figure>\n\n\n\n<figure class=\"wp-block-image size-large is-resized\"><img loading=\"lazy\" decoding=\"async\" src=\"http:\/\/saintjosephedern.fr\/wp-content\/uploads\/2021\/06\/IMG_20210617_145238-1024x768.jpg\" alt=\"\" class=\"wp-image-573\" width=\"395\" height=\"296\"\/><figcaption>dav<\/figcaption><\/figure>\n\n\n\n<figure class=\"wp-block-image size-large is-resized\"><img loading=\"lazy\" decoding=\"async\" src=\"http:\/\/saintjosephedern.fr\/wp-content\/uploads\/2021\/06\/IMG_20210617_130155-1024x768.jpg\" alt=\"\" class=\"wp-image-572\" width=\"335\" height=\"251\"\/><\/figure>\n\n\n\n<p><\/p>\n","protected":false},"excerpt":{"rendered":"<p>Ouf! Premi\u00e8re sortie apr\u00e8s une ann\u00e9e encore difficile pour sortir de l&rsquo;\u00e9cole! Jeudi 17 juin, nous sommes all\u00e9s au cin\u00e9ville de Quimper, pour voir un dessin anim\u00e9 dont le titre \u00e9tait \u00ab\u00a0100% loup\u00a0\u00bb. Petits et grands ont appr\u00e9ci\u00e9. Cette s\u00e9ance, cadeau de l&rsquo;APEL pour No\u00ebl, avait d\u00fb \u00eatre annul\u00e9e fin d\u00e9cembre, pour reconfinement et fermeture [&hellip;]<\/p>\n","protected":false},"author":1,"featured_media":0,"comment_status":"closed","ping_status":"closed","sticky":false,"template":"","format":"standard","meta":{"_et_pb_use_builder":"off","_et_pb_old_content":"<!-- wp:paragraph -->\n<p>Ouf! Premi\u00e8re sortie apr\u00e8s une ann\u00e9e encore difficile pour sortir de l'\u00e9cole!<\/p>\n<!-- \/wp:paragraph -->\n\n<!-- wp:paragraph -->\n<p>Jeudi 17 juin, nous sommes all\u00e9s au cin\u00e9ville de Quimper, pour voir un dessin anim\u00e9 dont le titre \u00e9tait \"100% loup\".<\/p>\n<!-- \/wp:paragraph -->\n\n<!-- wp:paragraph -->\n<p>Petits et grands ont appr\u00e9ci\u00e9. Cette s\u00e9ance, cadeau de l'APEL pour No\u00ebl, avait d\u00fb \u00eatre annul\u00e9e fin d\u00e9cembre, pour reconfinement et fermeture des salles de spectacle!<\/p>\n<!-- \/wp:paragraph -->\n\n<!-- wp:image {\"id\":570,\"sizeSlug\":\"large\"} -->\n<figure class=\"wp-block-image size-large\"><img src=\"http:\/\/saintjosephedern.fr\/wp-content\/uploads\/2021\/06\/IMG_20210617_113318-1024x768.jpg\" alt=\"\" class=\"wp-image-570\"\/><\/figure>\n<!-- \/wp:image -->\n\n<!-- wp:paragraph -->\n<p><\/p>\n<!-- \/wp:paragraph -->","_et_gb_content_width":"","footnotes":""},"categories":[8,1],"tags":[],"class_list":["post-581","post","type-post","status-publish","format-standard","hentry","category-la-vie-des-classes","category-non-classe"],"_links":{"self":[{"href":"http:\/\/saintjosephedern.fr\/index.php?rest_route=\/wp\/v2\/posts\/581","targetHints":{"allow":["GET"]}}],"collection":[{"href":"http:\/\/saintjosephedern.fr\/index.php?rest_route=\/wp\/v2\/posts"}],"about":[{"href":"http:\/\/saintjosephedern.fr\/index.php?rest_route=\/wp\/v2\/types\/post"}],"author":[{"embeddable":true,"href":"http:\/\/saintjosephedern.fr\/index.php?rest_route=\/wp\/v2\/users\/1"}],"replies":[{"embeddable":true,"href":"http:\/\/saintjosephedern.fr\/index.php?rest_route=%2Fwp%2Fv2%2Fcomments&post=581"}],"version-history":[{"count":2,"href":"http:\/\/saintjosephedern.fr\/index.php?rest_route=\/wp\/v2\/posts\/581\/revisions"}],"predecessor-version":[{"id":583,"href":"http:\/\/saintjosephedern.fr\/index.php?rest_route=\/wp\/v2\/posts\/581\/revisions\/583"}],"wp:attachment":[{"href":"http:\/\/saintjosephedern.fr\/index.php?rest_route=%2Fwp%2Fv2%2Fmedia&parent=581"}],"wp:term":[{"taxonomy":"category","embeddable":true,"href":"http:\/\/saintjosephedern.fr\/index.php?rest_route=%2Fwp%2Fv2%2Fcategories&post=581"},{"taxonomy":"post_tag","embeddable":true,"href":"http:\/\/saintjosephedern.fr\/index.php?rest_route=%2Fwp%2Fv2%2Ftags&post=581"}],"curies":[{"name":"wp","href":"https:\/\/api.w.org\/{rel}","templated":true}]}}