{"id":584,"date":"2021-06-30T15:02:01","date_gmt":"2021-06-30T13:02:01","guid":{"rendered":"http:\/\/saintjosephedern.fr\/?p=584"},"modified":"2021-06-30T15:02:02","modified_gmt":"2021-06-30T13:02:02","slug":"sur-la-route-de-la-soie","status":"publish","type":"post","link":"http:\/\/saintjosephedern.fr\/?p=584","title":{"rendered":"Sur la route de la soie&#8230;"},"content":{"rendered":"\n<p>Lundi 21 juin, les \u00e9l\u00e8ves du CP au CM2 se sont rendus \u00e0 la salle de l&rsquo;Arth\u00e9muse \u00e0 Briec pour d\u00e9couvrir une exposition retra\u00e7ant le p\u00e9riple de 2 jeunes du Pays Glazik partis \u00e0 v\u00e9lo sur la route de la soie L&rsquo;objectif \u00e9tait de rejoindre Les Philippines. Les \u00e9l\u00e8ves ont pu, \u00e0 travers de belles photos, s&rsquo;\u00e9vader et d\u00e9couvrir des paysages tr\u00e8s diff\u00e9rents d&rsquo;un pays \u00e0 l&rsquo;autre. <\/p>\n\n\n\n<figure class=\"wp-block-image size-large is-resized\"><img loading=\"lazy\" decoding=\"async\" src=\"http:\/\/saintjosephedern.fr\/wp-content\/uploads\/2021\/06\/IMG_20210621_144910-768x1024.jpg\" alt=\"\" class=\"wp-image-579\" width=\"469\" height=\"625\"\/><\/figure>\n\n\n\n<figure class=\"wp-block-image size-large is-resized\"><img loading=\"lazy\" decoding=\"async\" src=\"http:\/\/saintjosephedern.fr\/wp-content\/uploads\/2021\/06\/IMG_20210621_140940-1024x768.jpg\" alt=\"\" class=\"wp-image-575\" width=\"366\" height=\"274\"\/><\/figure>\n\n\n\n<figure class=\"wp-block-image size-large is-resized\"><img loading=\"lazy\" decoding=\"async\" src=\"http:\/\/saintjosephedern.fr\/wp-content\/uploads\/2021\/06\/IMG_20210621_144712-1024x768.jpg\" alt=\"\" class=\"wp-image-578\" width=\"422\" height=\"316\"\/><\/figure>\n\n\n\n<p>  <\/p>\n","protected":false},"excerpt":{"rendered":"<p>Lundi 21 juin, les \u00e9l\u00e8ves du CP au CM2 se sont rendus \u00e0 la salle de l&rsquo;Arth\u00e9muse \u00e0 Briec pour d\u00e9couvrir une exposition retra\u00e7ant le p\u00e9riple de 2 jeunes du Pays Glazik partis \u00e0 v\u00e9lo sur la route de la soie L&rsquo;objectif \u00e9tait de rejoindre Les Philippines. Les \u00e9l\u00e8ves ont pu, \u00e0 travers de belles [&hellip;]<\/p>\n","protected":false},"author":1,"featured_media":0,"comment_status":"closed","ping_status":"closed","sticky":false,"template":"","format":"standard","meta":{"_et_pb_use_builder":"off","_et_pb_old_content":"","_et_gb_content_width":"","footnotes":""},"categories":[8],"tags":[],"class_list":["post-584","post","type-post","status-publish","format-standard","hentry","category-la-vie-des-classes"],"_links":{"self":[{"href":"http:\/\/saintjosephedern.fr\/index.php?rest_route=\/wp\/v2\/posts\/584","targetHints":{"allow":["GET"]}}],"collection":[{"href":"http:\/\/saintjosephedern.fr\/index.php?rest_route=\/wp\/v2\/posts"}],"about":[{"href":"http:\/\/saintjosephedern.fr\/index.php?rest_route=\/wp\/v2\/types\/post"}],"author":[{"embeddable":true,"href":"http:\/\/saintjosephedern.fr\/index.php?rest_route=\/wp\/v2\/users\/1"}],"replies":[{"embeddable":true,"href":"http:\/\/saintjosephedern.fr\/index.php?rest_route=%2Fwp%2Fv2%2Fcomments&post=584"}],"version-history":[{"count":1,"href":"http:\/\/saintjosephedern.fr\/index.php?rest_route=\/wp\/v2\/posts\/584\/revisions"}],"predecessor-version":[{"id":585,"href":"http:\/\/saintjosephedern.fr\/index.php?rest_route=\/wp\/v2\/posts\/584\/revisions\/585"}],"wp:attachment":[{"href":"http:\/\/saintjosephedern.fr\/index.php?rest_route=%2Fwp%2Fv2%2Fmedia&parent=584"}],"wp:term":[{"taxonomy":"category","embeddable":true,"href":"http:\/\/saintjosephedern.fr\/index.php?rest_route=%2Fwp%2Fv2%2Fcategories&post=584"},{"taxonomy":"post_tag","embeddable":true,"href":"http:\/\/saintjosephedern.fr\/index.php?rest_route=%2Fwp%2Fv2%2Ftags&post=584"}],"curies":[{"name":"wp","href":"https:\/\/api.w.org\/{rel}","templated":true}]}}