{"id":703,"date":"2023-05-16T08:41:00","date_gmt":"2023-05-16T06:41:00","guid":{"rendered":"http:\/\/saintjosephedern.fr\/?p=703"},"modified":"2023-05-16T08:41:01","modified_gmt":"2023-05-16T06:41:01","slug":"bientot-la-classe-de-mer","status":"publish","type":"post","link":"http:\/\/saintjosephedern.fr\/?p=703","title":{"rendered":"Bient\u00f4t la classe de mer !"},"content":{"rendered":"\n<figure class=\"wp-block-image size-large is-resized\"><img loading=\"lazy\" decoding=\"async\" src=\"http:\/\/saintjosephedern.fr\/wp-content\/uploads\/2023\/05\/IMG_20210701_105350-1024x768.jpg\" alt=\"\" class=\"wp-image-702\" width=\"443\" height=\"331\"\/><\/figure>\n\n\n\n<p>Du mercredi 7 juin au vendredi 9 juin, les \u00e9l\u00e8ves du CP au CM2 se rendront au centre nautique de l&rsquo;Ile-Tudy. L&rsquo;occasion pour eux de s&rsquo;initier au catamaran, de d\u00e9couvrir le patrimoine du village, de pratiquer la p\u00eache \u00e0 pied ou encore d&rsquo;explorer la faune et la flore des bords de mer.<\/p>\n\n\n\n<p>Les maternelles les rejoindront les jeudi et vendredi pour une exploration du milieu marin avec la mise en place de casiers en pleine mer, la pratique de la p\u00eache \u00e0 pied et la remont\u00e9e de la rivi\u00e8re \u00e0 la recherche des oiseaux marins.<\/p>\n\n\n\n<p>Tous les enfants ont h\u00e2te de partir pour d\u00e9couvrir les joies de la classe de mer ! <\/p>\n","protected":false},"excerpt":{"rendered":"<p>Du mercredi 7 juin au vendredi 9 juin, les \u00e9l\u00e8ves du CP au CM2 se rendront au centre nautique de l&rsquo;Ile-Tudy. L&rsquo;occasion pour eux de s&rsquo;initier au catamaran, de d\u00e9couvrir le patrimoine du village, de pratiquer la p\u00eache \u00e0 pied ou encore d&rsquo;explorer la faune et la flore des bords de mer. Les maternelles les [&hellip;]<\/p>\n","protected":false},"author":1,"featured_media":0,"comment_status":"closed","ping_status":"closed","sticky":false,"template":"","format":"standard","meta":{"_et_pb_use_builder":"off","_et_pb_old_content":"","_et_gb_content_width":"","footnotes":""},"categories":[1],"tags":[],"class_list":["post-703","post","type-post","status-publish","format-standard","hentry","category-non-classe"],"_links":{"self":[{"href":"http:\/\/saintjosephedern.fr\/index.php?rest_route=\/wp\/v2\/posts\/703","targetHints":{"allow":["GET"]}}],"collection":[{"href":"http:\/\/saintjosephedern.fr\/index.php?rest_route=\/wp\/v2\/posts"}],"about":[{"href":"http:\/\/saintjosephedern.fr\/index.php?rest_route=\/wp\/v2\/types\/post"}],"author":[{"embeddable":true,"href":"http:\/\/saintjosephedern.fr\/index.php?rest_route=\/wp\/v2\/users\/1"}],"replies":[{"embeddable":true,"href":"http:\/\/saintjosephedern.fr\/index.php?rest_route=%2Fwp%2Fv2%2Fcomments&post=703"}],"version-history":[{"count":2,"href":"http:\/\/saintjosephedern.fr\/index.php?rest_route=\/wp\/v2\/posts\/703\/revisions"}],"predecessor-version":[{"id":707,"href":"http:\/\/saintjosephedern.fr\/index.php?rest_route=\/wp\/v2\/posts\/703\/revisions\/707"}],"wp:attachment":[{"href":"http:\/\/saintjosephedern.fr\/index.php?rest_route=%2Fwp%2Fv2%2Fmedia&parent=703"}],"wp:term":[{"taxonomy":"category","embeddable":true,"href":"http:\/\/saintjosephedern.fr\/index.php?rest_route=%2Fwp%2Fv2%2Fcategories&post=703"},{"taxonomy":"post_tag","embeddable":true,"href":"http:\/\/saintjosephedern.fr\/index.php?rest_route=%2Fwp%2Fv2%2Ftags&post=703"}],"curies":[{"name":"wp","href":"https:\/\/api.w.org\/{rel}","templated":true}]}}